{"id":459250,"date":"2025-07-21T17:52:31","date_gmt":"2025-07-21T17:52:31","guid":{"rendered":"https:\/\/sportinfo.pro\/?p=459250"},"modified":"2025-07-21T18:14:06","modified_gmt":"2025-07-21T18:14:06","slug":"nuggets-fans-get-the-jonas-valanciunas-assurance-they-need-for-next-season","status":"publish","type":"post","link":"https:\/\/sportinfo.pro\/?p=459250","title":{"rendered":"Nuggets fans get the Jonas Valan\u010di\u016bnas assurance they need for next season"},"content":{"rendered":"<p>Jonas Valan\u010di\u016bnas officially announced he plans to honor the last year of his contract and play for the Denver Nuggets next season.<\/p>\n","protected":false},"excerpt":{"rendered":"<div class=\"mh-excerpt\"><p>Jonas Valan\u010di\u016bnas officially announced he plans to honor the last year of his contract and play for the Denver Nuggets next season.<\/p>\n<\/div>","protected":false},"author":1,"featured_media":0,"comment_status":"open","ping_status":"open","sticky":false,"template":"","format":"standard","meta":[],"categories":[1],"tags":[],"_links":{"self":[{"href":"https:\/\/sportinfo.pro\/index.php?rest_route=\/wp\/v2\/posts\/459250"}],"collection":[{"href":"https:\/\/sportinfo.pro\/index.php?rest_route=\/wp\/v2\/posts"}],"about":[{"href":"https:\/\/sportinfo.pro\/index.php?rest_route=\/wp\/v2\/types\/post"}],"author":[{"embeddable":true,"href":"https:\/\/sportinfo.pro\/index.php?rest_route=\/wp\/v2\/users\/1"}],"replies":[{"embeddable":true,"href":"https:\/\/sportinfo.pro\/index.php?rest_route=%2Fwp%2Fv2%2Fcomments&post=459250"}],"version-history":[{"count":1,"href":"https:\/\/sportinfo.pro\/index.php?rest_route=\/wp\/v2\/posts\/459250\/revisions"}],"predecessor-version":[{"id":459252,"href":"https:\/\/sportinfo.pro\/index.php?rest_route=\/wp\/v2\/posts\/459250\/revisions\/459252"}],"wp:attachment":[{"href":"https:\/\/sportinfo.pro\/index.php?rest_route=%2Fwp%2Fv2%2Fmedia&parent=459250"}],"wp:term":[{"taxonomy":"category","embeddable":true,"href":"https:\/\/sportinfo.pro\/index.php?rest_route=%2Fwp%2Fv2%2Fcategories&post=459250"},{"taxonomy":"post_tag","embeddable":true,"href":"https:\/\/sportinfo.pro\/index.php?rest_route=%2Fwp%2Fv2%2Ftags&post=459250"}],"curies":[{"name":"wp","href":"https:\/\/api.w.org\/{rel}","templated":true}]}}