{"id":270755,"date":"2023-02-13T13:48:51","date_gmt":"2023-02-13T14:48:51","guid":{"rendered":"https:\/\/sportinfo.pro\/?p=270755"},"modified":"2023-02-13T15:58:52","modified_gmt":"2023-02-13T15:58:52","slug":"ronald-acuna-shoots-down-absurd-atlanta-braves-trade-rumors","status":"publish","type":"post","link":"https:\/\/sportinfo.pro\/?p=270755","title":{"rendered":"Ronald Acu\u00f1a shoots down absurd Atlanta Braves trade rumors"},"content":{"rendered":"<p>No, the Atlanta Braves will not trade away Ronald Acu&#241;a. They have many good reasons for that, but a rumor circulated for the wrong reasons this weekend. Ronald Acu&#241;a, like most of the Braves core, signed a long term team-friendly contract prior to his arbitration years. Acu&#241;a is signed through 2028, at the very least, [&#8230;]<\/p>\n<p><a rel=\"nofollow\" href=\"https:\/\/fansided.com\/2023\/02\/13\/ronald-acuna-atlanta-braves-trade-rumors\/\">Ronald Acu\u00f1a shoots down absurd Atlanta Braves trade rumors<\/a> &#8211; <a rel=\"nofollow\" href=\"https:\/\/fansided.com\">FanSided<\/a> &#8211; <a rel=\"nofollow\" href=\"https:\/\/fansided.com\">FanSided &#8211; Sports News, Entertainment, Lifestyle &amp; Technology &#8211; 300+ Sites<\/a><\/p>\n","protected":false},"excerpt":{"rendered":"<div class=\"mh-excerpt\"><p>No, the Atlanta Braves will not trade away Ronald Acu\u00f1a. They have many good reasons for that, but a rumor circulated for the wrong reasons this weekend. Ronald Acu\u00f1a, like most of the Braves core, signed a long term team-friendly contract prior to his arbitration years. Acu\u00f1a is signed through 2028, at the very least, [\u2026]<br \/>\nRonald Acu\u00f1a shoots down absurd Atlanta Braves trade rumors &#8211; FanSided &#8211; FanSided &#8211; Sports News, Entertainment, Lifestyle &amp; Technology &#8211; 300+ Sites<\/p>\n<\/div>","protected":false},"author":1,"featured_media":0,"comment_status":"open","ping_status":"open","sticky":false,"template":"","format":"standard","meta":[],"categories":[1],"tags":[],"_links":{"self":[{"href":"https:\/\/sportinfo.pro\/index.php?rest_route=\/wp\/v2\/posts\/270755"}],"collection":[{"href":"https:\/\/sportinfo.pro\/index.php?rest_route=\/wp\/v2\/posts"}],"about":[{"href":"https:\/\/sportinfo.pro\/index.php?rest_route=\/wp\/v2\/types\/post"}],"author":[{"embeddable":true,"href":"https:\/\/sportinfo.pro\/index.php?rest_route=\/wp\/v2\/users\/1"}],"replies":[{"embeddable":true,"href":"https:\/\/sportinfo.pro\/index.php?rest_route=%2Fwp%2Fv2%2Fcomments&post=270755"}],"version-history":[{"count":2,"href":"https:\/\/sportinfo.pro\/index.php?rest_route=\/wp\/v2\/posts\/270755\/revisions"}],"predecessor-version":[{"id":270757,"href":"https:\/\/sportinfo.pro\/index.php?rest_route=\/wp\/v2\/posts\/270755\/revisions\/270757"}],"wp:attachment":[{"href":"https:\/\/sportinfo.pro\/index.php?rest_route=%2Fwp%2Fv2%2Fmedia&parent=270755"}],"wp:term":[{"taxonomy":"category","embeddable":true,"href":"https:\/\/sportinfo.pro\/index.php?rest_route=%2Fwp%2Fv2%2Fcategories&post=270755"},{"taxonomy":"post_tag","embeddable":true,"href":"https:\/\/sportinfo.pro\/index.php?rest_route=%2Fwp%2Fv2%2Ftags&post=270755"}],"curies":[{"name":"wp","href":"https:\/\/api.w.org\/{rel}","templated":true}]}}